{"id":13825,"date":"2025-07-28T14:35:33","date_gmt":"2025-07-28T17:35:33","guid":{"rendered":"https:\/\/idfgr.net\/v2\/?p=13825"},"modified":"2025-07-28T14:53:34","modified_gmt":"2025-07-28T17:53:34","slug":"aqui-somos-uma-familia-e-outras-ameacas-corporativas-em-forma-de-poesia-organizacional","status":"publish","type":"post","link":"https:\/\/idfgr.net\/v2\/aqui-somos-uma-familia-e-outras-ameacas-corporativas-em-forma-de-poesia-organizacional\/","title":{"rendered":"&#8220;Aqui somos uma fam\u00edlia&#8221; e outras amea\u00e7as corporativas em forma de poesia organizacional"},"content":{"rendered":"<p style=\"text-align: justify;\">Existe algo mais preocupante no universo corporativo do que ouvir, com um sorriso engessado e um crach\u00e1 pendurado, a frase: &#8220;Aqui somos uma fam\u00edlia&#8221;? Spoiler: N\u00c3O. Essa declara\u00e7\u00e3o deveria vir com sirenes, placas de PERIGO e um bot\u00e3o de p\u00e2nico. Afinal, se voc\u00ea est\u00e1 num lugar onde suas sinapses neurais pr\u00e9-frontais come\u00e7am a derreter ao som de discursos emocionados, parab\u00e9ns, voc\u00ea encontrou o RH vers\u00e3o novela mexicana.<\/p>\r\n<p style=\"text-align: justify;\">Porque sejamos francos: fam\u00edlias compartilham afeto, direitos, heran\u00e7as e por muitas vezes at\u00e9 a Netflix. Empresas, por outro lado, compartilham metas inalcan\u00e7\u00e1veis, reuni\u00f5es eternas e uma gloriosa planilha que j\u00e1 deveria ter sido atualizada ontem.<\/p>\r\n\r\n<h4 style=\"text-align: justify;\">A Romantiza\u00e7\u00e3o: quando a empresa te d\u00e1 flores&#8230; e depois te cobra por elas<\/h4>\r\n<p style=\"text-align: justify;\">No mundo corporativo, tudo \u00e9 sem\u00e2ntico. O &#8220;l\u00edder&#8221; \u00e9 um gestor fascinado por frases de LinkedIn; o &#8220;colaborador&#8221; \u00e9 aquele que assina o crach\u00e1 e a alma; o &#8220;desafio&#8221; \u00e9 um pepino que ningu\u00e9m quis cortar; e a &#8220;oportunidade de desenvolvimento&#8221; \u00e9 aquele trabalho extra que voc\u00ea faz sorrindo porque &#8220;vai ser bom para seu crescimento&#8221;.<\/p>\r\n<p style=\"text-align: justify;\">Sem falar na cl\u00e1ssica: &#8220;Aqui todo mundo p\u00f5e a m\u00e3o na massa&#8221; &#8211; dito geralmente por quem nunca viu a massa. E quando o discurso \u00e9 sobre miss\u00e3o, prop\u00f3sito e um sonho maior, prepare-se: o pesadelo vem em forma de overwork e PowerPoint motivacional com trilha sonora \u00e9pica.<\/p>\r\n\r\n<h4 style=\"text-align: justify;\">Bl\u00e1 Bl\u00e1 Bl\u00e1 Corporativo: promessas no ar e contratos no limbo<\/h4>\r\n<p style=\"text-align: justify;\">Desde a entrevista, o verbo \u00e9 amar: amar seu crescimento, amar seu plano de carreira, amar a empresa que &#8220;te d\u00e1 asas&#8221;. O detalhe? Nada disso est\u00e1 no papel. A vaga \u00e9 uma entidade m\u00edstica sem descri\u00e7\u00e3o, metas mudam mais que tend\u00eancias do TikTok e o contrato\u2026 bem, o contrato \u00e9 aquela cena deletada dos filmes, desnecess\u00e1ria para SUA hist\u00f3ria na empresa.<\/p>\r\n\r\n<h4 style=\"text-align: justify;\">Cr\u00edtica? S\u00f3 se for \u00e0 sua exist\u00eancia<\/h4>\r\n<p style=\"text-align: justify;\">Feedbacks deixam de ser sobre trabalho e viram uma an\u00e1lise cl\u00ednica da sua personalidade: &#8220;Voc\u00ea \u00e9 dif\u00edcil de lidar&#8221;, &#8220;leva tudo para o pessoal&#8221;, &#8220;tem que ser mais leve&#8221;. Tudo com o tom passivo-agressivo de quem aprendeu a invalidar com classe. Porque, no fundo, n\u00e3o \u00e9 sobre melhorar, \u00e9 sobre SILENCIAR.<\/p>\r\n\r\n<h4 style=\"text-align: justify;\">A Cultura: internacional no nome, medieval na pr\u00e1tica<\/h4>\r\n<p style=\"text-align: justify;\">A empresa tem CEO, CFO, COO, CTO\u2026 mas n\u00e3o tem no\u00e7\u00e3o. Reuni\u00f5es com estrangeiros viram exerc\u00edcios de paci\u00eancia e sono, e toda a estrutura gringa serve mais para justificar processos burocr\u00e1ticos do que para inspirar inova\u00e7\u00e3o. \u00c9 a globaliza\u00e7\u00e3o do t\u00e9dio.<\/p>\r\n\r\n\r\n<hr \/>\r\n\r\n<h4 style=\"text-align: justify;\">Conclus\u00e3o: voc\u00ea \u00e9 profissional, n\u00e3o personagem de uma novela empresarial<\/h4>\r\n<p style=\"text-align: justify;\">Voc\u00ea estudou, se dedicou, madrugou e batalhou para chegar at\u00e9 aqui. E n\u00e3o, n\u00e3o merece ser a base do castelo enquanto o topo brinda com espumante e palavras em ingl\u00eas. <strong>Voc\u00ea \u00e9 essencial. Voc\u00ea \u00e9 a engrenagem, n\u00e3o o enfeite corporativo<\/strong>.<\/p>\r\n<p style=\"text-align: justify;\"><strong>Trabalho \u00e9 trabalho. Fam\u00edlia? S\u00f3 fora do expediente.<\/strong><\/p>","protected":false},"excerpt":{"rendered":"Existe algo mais preocupante no universo corporativo do que ouvir, com um sorriso engessado e um crach\u00e1 pendurado, a frase: &#8220;Aqui somos uma fam\u00edlia&#8221;? Spoiler: N\u00c3O. Essa declara\u00e7\u00e3o deveria vir com sirenes, placas de PERIGO e um bot\u00e3o de p\u00e2nico&#8230;.","protected":false},"author":1,"featured_media":13828,"comment_status":"open","ping_status":"open","sticky":false,"template":"","format":"standard","meta":{"footnotes":""},"categories":[24,29],"tags":[],"class_list":["post-13825","post","type-post","status-publish","format-standard","has-post-thumbnail","hentry","category-error","category-mundo-corporativo"],"_links":{"self":[{"href":"https:\/\/idfgr.net\/v2\/wp-json\/wp\/v2\/posts\/13825","targetHints":{"allow":["GET"]}}],"collection":[{"href":"https:\/\/idfgr.net\/v2\/wp-json\/wp\/v2\/posts"}],"about":[{"href":"https:\/\/idfgr.net\/v2\/wp-json\/wp\/v2\/types\/post"}],"author":[{"embeddable":true,"href":"https:\/\/idfgr.net\/v2\/wp-json\/wp\/v2\/users\/1"}],"replies":[{"embeddable":true,"href":"https:\/\/idfgr.net\/v2\/wp-json\/wp\/v2\/comments?post=13825"}],"version-history":[{"count":6,"href":"https:\/\/idfgr.net\/v2\/wp-json\/wp\/v2\/posts\/13825\/revisions"}],"predecessor-version":[{"id":13834,"href":"https:\/\/idfgr.net\/v2\/wp-json\/wp\/v2\/posts\/13825\/revisions\/13834"}],"wp:featuredmedia":[{"embeddable":true,"href":"https:\/\/idfgr.net\/v2\/wp-json\/wp\/v2\/media\/13828"}],"wp:attachment":[{"href":"https:\/\/idfgr.net\/v2\/wp-json\/wp\/v2\/media?parent=13825"}],"wp:term":[{"taxonomy":"category","embeddable":true,"href":"https:\/\/idfgr.net\/v2\/wp-json\/wp\/v2\/categories?post=13825"},{"taxonomy":"post_tag","embeddable":true,"href":"https:\/\/idfgr.net\/v2\/wp-json\/wp\/v2\/tags?post=13825"}],"curies":[{"name":"wp","href":"https:\/\/api.w.org\/{rel}","templated":true}]}}